{"id":6631,"date":"2026-08-31T22:45:19","date_gmt":"2026-08-31T20:45:19","guid":{"rendered":"https:\/\/sprawnepanstwo.pl\/?p=6631"},"modified":"2026-08-31T22:45:21","modified_gmt":"2026-08-31T20:45:21","slug":"sluzba-cywilna-w-kprm-i-w-ministerstwach-w-2025-roku-analiza","status":"publish","type":"post","link":"https:\/\/sprawnepanstwo.pl\/index.php\/2026\/08\/31\/sluzba-cywilna-w-kprm-i-w-ministerstwach-w-2025-roku-analiza\/","title":{"rendered":"S\u0142u\u017cba cywilna w KPRM i w ministerstwach w 2025 roku [ANALIZA]"},"content":{"rendered":"\n<p><strong>Jak co roku wyst\u0105pi\u0142em do Kancelarii Premiera o dane przekazywane Departamentowi S\u0142u\u017cby Cywilnej do sprawozdania o stanie s\u0142u\u017cby cywilnej. W tym roku na odpowied\u017a nie musia\u0142em czeka\u0107 zbyt d\u0142ugo, ale z racji innych obowi\u0105zk\u00f3w analiza sytuacji rz\u0105dowych urz\u0119dnik\u00f3w ukazuje si\u0119 dopiero w teraz. Dzi\u0119kuj\u0105c za cierpliwo\u015b\u0107 zapraszam wi\u0119c do lektury!<\/strong> <strong>Na pierwszy ogie\u0144 (tradycyjnie) wybieram cr\u00e8me de la cr\u00e8me polskiej administracji &#8211; Kancelari\u0119 Prezesa Rady Ministr\u00f3w oraz 19 ministerstw.<\/strong><\/p>\n\n\n<div class=\"wp-block-image\">\n<figure class=\"alignright size-full is-resized\"><img loading=\"lazy\" loading=\"lazy\" decoding=\"async\" width=\"141\" height=\"142\" src=\"https:\/\/sprawnepanstwo.pl\/wp-content\/uploads\/2024\/05\/Logo-sluzby-cywilnej-png.png\" alt=\"\" class=\"wp-image-4554\" style=\"width:177px;height:auto\"\/><\/figure><\/div>\n\n\n<p>Zanim jednak zaczniemy, warto przypomnie\u0107 sobie, czego dotyczy\u0107 b\u0119dzie ta analiza. Korpus s\u0142u\u017cby cywilnej istnieje w urz\u0119dach administracji rz\u0105dowej w celu zapewnienia &#8222;<em>zawodowego, rzetelnego, bezstronnego i politycznie neutralnego wykonywania zada\u0144 pa\u0144stwa<\/em>&#8221; (art. 153 Konstytucji RP). M\u00f3wimy wi\u0119c wy\u0142\u0105cznie o administracji rz\u0105dowej, a nie samorz\u0105dowej i pa\u0144stwowej (do tej zalicza si\u0119 m.in. pracownik\u00f3w Kancelarii Prezydenta, Sejmu i Senatu, Najwy\u017cszej Izby Kontroli, Pa\u0144stwowej Inspekcji Pracy czy Biura Rzecznika Praw Obywatelskich).<\/p>\n\n\n\n<p>Dodatkowo, gdy m\u00f3wimy o s\u0142u\u017cbie cywilnej nie bierzemy pod uwag\u0119 wszystkich pracownik\u00f3w administracji rz\u0105dowej. W korpusie s\u0142u\u017cby cywilnej nie znajdziemy bowiem ani polityk\u00f3w (ministr\u00f3w, wojewod\u00f3w i innych os\u00f3b zajmuj\u0105cych kierownicze stanowiska pa\u0144stwowe, to tzw. &#8222;R-ki&#8221;), ani te\u017c urz\u0119dnik\u00f3w, kt\u00f3rzy pracuj\u0105 wprawdzie w tych samych urz\u0119dach, ale na podstawie innych przepis\u00f3w (w tym przede wszystkim na podstawie mocno podstarza\u0142ej i z wielu wzgl\u0119d\u00f3w toksycznej <a href=\"https:\/\/isap.sejm.gov.pl\/isap.nsf\/DocDetails.xsp?id=wdu19820310214\" target=\"_blank\" rel=\"noreferrer noopener\">ustawy o pracownikach urz\u0119d\u00f3w pa\u0144stwowych<\/a> z 1982 roku).<\/p>\n\n\n\n<p>Aby zobrazowa\u0107 mniej wi\u0119cej jaka cz\u0119\u015b\u0107 pracownik\u00f3w poszczeg\u00f3lnych resort\u00f3w &#8222;nie mie\u015bci si\u0119&#8221; w korpusie s\u0142u\u017cby cywilnej zestawi\u0142em dane przekazane mi przez Kancelari\u0119 Premiera z tymi, kt\u00f3re zebra\u0142em analizuj\u0105c odpowiedzi na <a href=\"https:\/\/www.sejm.gov.pl\/Sejm10.nsf\/interpelacje.xsp?view=5&amp;cat=Krajewski%20Jaros%C5%82aw&amp;id=488\" target=\"_blank\" rel=\"noreferrer noopener\">interpelacje pos\u0142a Krajewskiego<\/a> skierowane do wszystkich ministerstw &#8222;w sprawie wysoko\u015bci \u015bredniego, najni\u017cszego i najwy\u017cszego wynagrodzenia&#8221; (numery od 16983 do 17006).<\/p>\n\n\n\n<figure class=\"wp-block-image size-large\"><img loading=\"lazy\" loading=\"lazy\" decoding=\"async\" width=\"1024\" height=\"138\" src=\"https:\/\/sprawnepanstwo.pl\/wp-content\/uploads\/2026\/08\/image-17-1024x138.png\" alt=\"\" class=\"wp-image-6653\"\/><\/figure>\n\n\n\n<h2 class=\"wp-block-heading\">Jaka p\u0142aca za prac\u0119 dla dobra wsp\u00f3lnego?<\/h2>\n\n\n\n<p>Pieni\u0105dze nie s\u0105 niby najwa\u017cniejsze, ale zacznijmy w\u0142a\u015bnie od nich. KPRM i ministerstwa to m\u00f3zg naszego pa\u0144stwa (cho\u0107 by\u0107 mo\u017ce cz\u0119\u015bciowo dysfunkcjonalny). Nigdy do\u015b\u0107 przypominania, \u017ce to w\u0142a\u015bnie w tych 20 urz\u0119dach zarz\u0105dza si\u0119 ca\u0142ym pa\u0144stwem, zar\u00f3wno na szczeblu centralnym (to tam de facto powstaje wi\u0119kszo\u015b\u0107 polskiego prawa), ale r\u00f3wnie\u017c, w pewnym sensie, na poziomie samorz\u0105du terytorialnego (bo cho\u0107, jak sama nazwa wskazuje, lokalne spo\u0142eczno\u015bci s\u0105 samorz\u0105dne, to jednak dzia\u0142aj\u0105 w \u015bci\u015ble okre\u015blonych ramach prawnych i finansowych, kt\u00f3re &#8222;kto\u015b&#8221; im narzuca).<\/p>\n\n\n\n<p>Przeci\u0119tne wynagrodzenie zasadnicze i ca\u0142kowite cz\u0142onk\u00f3w korpusu s\u0142u\u017cby cywilnej publikowane jest w <a href=\"https:\/\/www.gov.pl\/web\/sluzbacywilna\/szefowa-sluzby-cywilnej-zlozyla-sprawozdanie-za-2025-rok\" target=\"_blank\" rel=\"noreferrer noopener\">oficjalnym sprawozdaniu Szefa S\u0142u\u017cby Cywilnej za miniony rok<\/a>, wi\u0119c nie pozostaje nic innego, jak tylko przywo\u0142a\u0107 te dane.<\/p>\n\n\n\n<figure class=\"wp-block-image size-large\"><img loading=\"lazy\" loading=\"lazy\" decoding=\"async\" width=\"1024\" height=\"809\" src=\"https:\/\/sprawnepanstwo.pl\/wp-content\/uploads\/2026\/08\/image-1024x809.png\" alt=\"\" class=\"wp-image-6632\"\/><\/figure>\n\n\n\n<p>Warto jednak zajrze\u0107 g\u0142\u0119biej. Przede wszystkim &#8211; jakie s\u0105 trendy? Kt\u00f3re urz\u0119dy utrzymuj\u0105 si\u0119 w g\u00f3rnej cz\u0119\u015bci p\u0142acowej tabeli, a w kt\u00f3rych pensje si\u0119 przeci\u0119tnie ni\u017csze? Dysponujemy ju\u017c danymi z trzech kolejnych lat, wi\u0119c mo\u017cemy co\u015b na ten temat powiedzie\u0107.<\/p>\n\n\n<div class=\"wp-block-image\">\n<figure class=\"alignright size-full is-resized\"><img loading=\"lazy\" loading=\"lazy\" decoding=\"async\" width=\"490\" height=\"758\" src=\"https:\/\/sprawnepanstwo.pl\/wp-content\/uploads\/2026\/08\/image-1.png\" alt=\"\" class=\"wp-image-6633\" style=\"width:340px;height:auto\"\/><\/figure><\/div>\n\n\n<p>Chocia\u017c liczba ministerstw si\u0119 zmienia\u0142a, jedno pozostawa\u0142o bez zmian: Ministerstwo Sprawiedliwo\u015bci zawsze na dnie (parafrazuj\u0105c kibic\u00f3w dokuczaj\u0105cych nielubianym klubom: &#8222;Odwr\u00f3\u0107 tabel\u0119, sprawiedliwo\u015b\u0107 na czele!&#8221;). Czy ma to prze\u0142o\u017cenie na skuteczno\u015b\u0107 pozyskiwania nowych pracownik\u00f3w? O to musieliby\u015bmy spyta\u0107 kadrowc\u00f3w z tego resortu. Czy ma to prze\u0142o\u017cenie na rotacj\u0119 pracownik\u00f3w? O tym w dalszej cz\u0119\u015bci analizy.<\/p>\n\n\n\n<p>(Na pytanie: &#8222;Czy to dobrze, \u017ce pracownicy urz\u0119du odpowiadaj\u0105cego za efektywne funkcjonowanie wymiaru sprawiedliwo\u015bci w Polsce zarabiaj\u0105 najmniej?&#8221;, nie b\u0119dziemy teraz szukali odpowiedzi&#8230; Wielka szkoda, \u017ce nie ma organu odpowiedzialnego za przemy\u015blan\u0105 polityk\u0119 kadrow\u0105 i p\u0142acow\u0105 w naszej administracji, wtedy by\u0107 mo\u017ce pytania tego typu nie pozostawa\u0142yby tylko czczym marudzeniem).<\/p>\n\n\n\n<p>Z drugiej strony tabeli wzgl\u0119dna stabilizacja. Ministerstwo Finans\u00f3w &#8211; zawsze drugie. Poza nim generalnie sta\u0142y sk\u0142ad: Kancelaria Premiera, MSZ, Ministerstwo Funduszy i Polityki Regionalnej. Jednorazowo do TOP5 uda\u0142o si\u0119 do\u0142\u0105czy\u0107 Ministerstwu Przemys\u0142u, ale&#8230; spu\u015b\u0107my zas\u0142on\u0119 milczenia na ten kr\u00f3tki i nieudany eksperyment deglomeracyjny.<\/p>\n\n\n\n<p>Druga sprawa, na kt\u00f3r\u0105 zawsze zwracam uwag\u0119 analizuj\u0105c wynagrodzenia w s\u0142u\u017cbie cywilnej to ich wysoko\u015bci w poszczeg\u00f3lnych grupach stanowisk. Bo co z tego, \u017ce gdzie\u015b \u015brednie wynagrodzenie jest wysokie, skoro mo\u017ce to wynika\u0107 z ponadprzeci\u0119tnie wysokich zarobk\u00f3w dyrektor\u00f3w? O sile ka\u017cdej organizacji decyduj\u0105 jej &#8222;szeregowi&#8221; pracownicy. W gronie ministerialnych cz\u0142onk\u00f3w korpusu s\u0142u\u017cby cywilnej ponad 73% to w\u0142a\u015bnie szeregowcy &#8211; zajmuj\u0105cy si\u0119 najr\u00f3\u017cniejszymi sprawami: specjali\u015bci, m\u0142odsi specjali\u015bci, starsi i g\u0142\u00f3wni specjali\u015bci.<\/p>\n\n\n\n<figure class=\"wp-block-image size-large\"><img loading=\"lazy\" loading=\"lazy\" decoding=\"async\" width=\"1024\" height=\"612\" src=\"https:\/\/sprawnepanstwo.pl\/wp-content\/uploads\/2026\/08\/image-2-1024x612.png\" alt=\"\" class=\"wp-image-6634\"\/><\/figure>\n\n\n\n<pre class=\"wp-block-preformatted\">Prosz\u0119 pami\u0119ta\u0107, \u017ce prezentowane tu dane odnosz\u0105 si\u0119 do wynagrodzenia ca\u0142kowitego brutto, a zatem przeci\u0119tnej warto\u015bci faktycznie wyp\u0142acanej, uwzgl\u0119dniaj\u0105cej tzw. trzynastki oraz wszelkie nagrody i dodatki. Niewielu pracownik\u00f3w ministerstw dosta\u0142o w zesz\u0142ym roku na przyk\u0142ad nagrod\u0119 jubileuszow\u0105 albo odpraw\u0119 emerytaln\u0105, ale i one s\u0105 wliczone do \u015bredniej. Nie zale\u017cy nam w tym miejscu na opisaniu ka\u017cdego przypadku z osobna, ale o og\u00f3lny (przeci\u0119tny) obraz tego, jakie warunki pracy zapewniamy tym urz\u0119dnikom.<\/pre>\n\n\n\n<p>Jest ju\u017c moj\u0105 ma\u0142\u0105 \u015bwieck\u0105 tradycj\u0105 dywagowanie nad tym, jaka jest (lub powinna by\u0107) optymalna relacja wyp\u0142at dyrektor\u00f3w departament\u00f3w i ich zast\u0119pc\u00f3w (tj. wy\u017cszych stanowisk) do wynagrodze\u0144 naczelnik\u00f3w\/koordynator\u00f3w (stanowiska koordynuj\u0105ce) i do stanowisk szeregowych. Pewnie teoretycy zarz\u0105dzania maj\u0105 na to jak\u0105\u015b racjonaln\u0105 odpowied\u017a, ale mi pozostaje tylko zwr\u00f3ci\u0107 uwag\u0119 na jedno &#8211; na jako\u015b\u0107 tych\u017ce dyrektor\u00f3w.<\/p>\n\n\n\n<figure class=\"wp-block-image size-large\"><img loading=\"lazy\" loading=\"lazy\" decoding=\"async\" width=\"1024\" height=\"657\" src=\"https:\/\/sprawnepanstwo.pl\/wp-content\/uploads\/2026\/08\/image-3-1024x657.png\" alt=\"\" class=\"wp-image-6635\"\/><\/figure>\n\n\n\n<p>Od 2016 roku dyrektorzy w s\u0142u\u017cbie cywilnej obsadzani s\u0105 w drodze tzw. powo\u0142ania, bez obowi\u0105zku rozpisywania i przeprowadzenia otwartego i konkurencyjnego naboru. Efekt jest taki, \u017ce nad t\u0105 kluczow\u0105 z perspektywy funkcjonowania naszego pa\u0144stwa grup\u0105 zawodow\u0105 &#8211; sk\u0142adaj\u0105c\u0105 si\u0119 z blisko 3.700 os\u00f3b w ca\u0142ym korpusie &#8211; od 10 lat unosi si\u0119 aura pewnej podejrzliwo\u015bci. S\u0105 w tej grupie tacy, kt\u00f3rzy byli dyrektorami i przed <a href=\"https:\/\/www.sejm.gov.pl\/Sejm8.nsf\/PrzebiegProc.xsp?nr=119\" target=\"_blank\" rel=\"noreferrer noopener\">nies\u0142awn\u0105 nowelizacj\u0105 z 2015 roku<\/a>, ale zapewne wi\u0119kszo\u015b\u0107 pochodzi ju\u017c z powo\u0142ania. Ilu z nich faktycznie na to zas\u0142uguje? Ile z nich zajmuje swoje stanowiska tylko dlatego, \u017ce ufa im ten czy inny minister? Konkurs\u00f3w na wy\u017csze stanowiska po zmianie w\u0142adzy w 2023 roku by\u0142o tyle, co kot nap\u0142aka\u0142, st\u0105d mo\u017cna zaryzykowa\u0107 stwierdzenie, \u017ce w tym akurat aspekcie&#8230; brawo, mamy ponadpartyjny konsensus! Nic to, \u017ce w 2015 roku pos\u0142owie Platformy Obywatelskiej krzyczeli o &#8222;ko\u0144cu s\u0142u\u017cby cywilnej&#8221;. Nic to, \u017ce we wci\u0105\u017c obowi\u0105zuj\u0105cej przecie\u017c <a href=\"https:\/\/www.gov.pl\/web\/premier\/koalicja-15padziernika-program\" target=\"_blank\" rel=\"noreferrer noopener\">umowie koalicyjnej<\/a> widnieje zapewnienie o ch\u0119ci &#8222;odbudowania s\u0142u\u017cby cywilnej&#8221;. Nikt w mediach nawet o tym nie wspomina, wi\u0119c karawana jedzie dalej. Procedowany aktualnie <a href=\"https:\/\/legislacja.rcl.gov.pl\/projekt\/12409452\" target=\"_blank\" rel=\"noreferrer noopener\">projekt nowelizacji ustawy o s\u0142u\u017cbie cywilnej<\/a> przywracaj\u0105cy konkursy na stanowiska dyrektorskie spotka\u0142 si\u0119 z mocn\u0105 krytyk\u0105 zar\u00f3wno ze strony ministerstw, jak i strony spo\u0142ecznej (Fundacja Sprawne Pa\u0144stwo te\u017c do\u0142o\u017cy\u0142a swoje <a href=\"https:\/\/sprawnepanstwo.pl\/index.php\/2026\/05\/21\/nowelizacja-ustawy-o-sluzbie-cywilnej-uwagi-fsp\/\" target=\"_blank\" rel=\"noreferrer noopener\">trzy grosze<\/a>). Czy ma szanse na to, \u017ceby w szybkim czasie zosta\u0107 zatwierdzony na Radzie Ministr\u00f3w, przeprocedowany w parlamencie i podpisany przez prezydenta? Moim zdaniem niewielkie, pewnie wszystko zostanie po staremu. (Obym si\u0119 myli\u0142!)<\/p>\n\n\n\n<figure class=\"wp-block-embed is-type-video is-provider-youtube wp-block-embed-youtube wp-embed-aspect-16-9 wp-has-aspect-ratio\"><div class=\"wp-block-embed__wrapper\">\n<iframe loading=\"lazy\" title=\"Likwidacja korpusu s\u0142u\u017cby cywilnej\" width=\"1170\" height=\"658\" src=\"https:\/\/www.youtube.com\/embed\/R8j4UYPqhYw?feature=oembed\" frameborder=\"0\" allow=\"accelerometer; autoplay; clipboard-write; encrypted-media; gyroscope; picture-in-picture; web-share\" referrerpolicy=\"strict-origin-when-cross-origin\" allowfullscreen><\/iframe>\n<\/div><\/figure>\n\n\n\n<p>No dobrze, skoro ju\u017c ponarzeka\u0142em na \u015bwiat polityki &#8211; kompletnie oboj\u0119tny na jako\u015b\u0107 administracji, kt\u00f3r\u0105 przysz\u0142o mu zarz\u0105dza\u0107 &#8211; pora wr\u00f3ci\u0107 do analizy wynagrodze\u0144. Brak sp\u00f3jnej polityki p\u0142acowej w grupie 20 kluczowych polskich urz\u0119d\u00f3w wida\u0107 wyra\u017anie, gdy spojrzymy na struktur\u0119 sk\u0142adnik\u00f3w p\u0142acowych wchodz\u0105cych w sk\u0142ad wynagrodze\u0144 ca\u0142kowitych.<\/p>\n\n\n\n<figure class=\"wp-block-image size-large\"><img loading=\"lazy\" loading=\"lazy\" decoding=\"async\" width=\"1024\" height=\"472\" src=\"https:\/\/sprawnepanstwo.pl\/wp-content\/uploads\/2026\/08\/image-4-1024x472.png\" alt=\"\" class=\"wp-image-6636\"\/><\/figure>\n\n\n\n<p>P\u0142aca podstawowa &#8211; wyp\u0142acana niezale\u017cnie od sta\u017cu pracy czy te\u017c od jej jako\u015bci &#8211; mog\u0142a przeci\u0119tnie ledwo co przekracza\u0107 50% wynagrodzenia ca\u0142kowitego (MSZ), ale mog\u0142a te\u017c stanowi\u0107 solidne 70% ca\u0142o\u015bci, jak w przypadku Ministerstwa Klimatu i \u015arodowiska oraz resoru infrastruktury. Nagrody motywacyjne (nazywane w s\u0142u\u017cbie cywilnej nieco na wyrost nagrodami &#8222;za szczeg\u00f3lne osi\u0105gni\u0119cia&#8221;) s\u0105 praktycznie niespotykane w KPRM i w ministerstwie rolnictwa, ale za to pracownicy Ministerstwa Aktyw\u00f3w Pa\u0144stwowych, ministerstwa kultury i MF przeci\u0119tnie inkasuj\u0105 z tego tytu\u0142y przynajmniej 10% swoich miesi\u0119cznych zarobk\u00f3w.<\/p>\n\n\n\n<p>Spytacie: czy to w og\u00f3le istotne? Tak, to bardzo istotne! To pokazuje, jak rozk\u0142adaj\u0105 si\u0119 akcenty p\u0142acowe w poszczeg\u00f3lnych ministerstwach. To wp\u0142ywa na motywacj\u0119 urz\u0119dnik\u00f3w do wykazywania si\u0119. To w ko\u0144cu wp\u0142ywa na przyp\u0142ywy i odp\u0142ywy pracownik\u00f3w mi\u0119dzy poszczeg\u00f3lnymi resortami. Bo trzeba pami\u0119ta\u0107, \u017ce warszawski, rz\u0105dowy rynek pracy jest bez por\u00f3wnania wi\u0119kszy ni\u017c w innych miastach wojew\u00f3dzkich, ale&#8230; wcale nie tak wielki, jak by si\u0119 mog\u0142o wydawa\u0107. Jest niema\u0142a grupa urz\u0119dnik\u00f3w, kt\u00f3ra migruje mi\u0119dzy resortami, motywowana takimi przes\u0142ankami, jak: jako\u015b\u0107 os\u00f3b zajmuj\u0105cych wy\u017csze stanowiska, szeroko pojmowana kultura organizacyjna, czy w ko\u0144cu szanse na nagrody za wi\u0119ksze zaanga\u017cowanie w wykonywanie swoich obowi\u0105zk\u00f3w.<\/p>\n\n\n\n<p>Ministerstwa powinny przyci\u0105ga\u0107 najlepszych pracownik\u00f3w, ale nie kosztem innych ministerstw. Podkupywanie sobie pracownik\u00f3w trwa jednak w najlepsze, a brak aktywnego koordynatora polityki kadrowej pa\u0144stwa (bo nie jest nim pozbawiony twardych uprawnie\u0144 Szef S\u0142u\u017cby Cywilnej, ani tym bardziej fantomowy minister w\u0142a\u015bciwy do spraw administracji) tylko sprzyja narastaniu tego problemu.<\/p>\n\n\n\n<p>Jak wygl\u0105d struktura wynagrodze\u0144 w podziale na poszczeg\u00f3lne grupy stanowisk?<\/p>\n\n\n\n<figure class=\"wp-block-image size-large\"><img loading=\"lazy\" loading=\"lazy\" decoding=\"async\" width=\"1024\" height=\"333\" src=\"https:\/\/sprawnepanstwo.pl\/wp-content\/uploads\/2026\/08\/image-5-1024x333.png\" alt=\"\" class=\"wp-image-6637\"\/><\/figure>\n\n\n\n<p>Dyrektorzy &#8222;go\u0142ej pensji&#8221; otrzymuj\u0105 najmniej, ale nadrabiaj\u0105 &#8222;sk\u0142adnikami z tytu\u0142u dodatkowych uprawnie\u0144 i funkcji&#8221; (co &#8211; poza uregulowanym w tzw. <a href=\"https:\/\/isap.sejm.gov.pl\/isap.nsf\/DocDetails.xsp?id=WDU20250000670\" target=\"_blank\" rel=\"noreferrer noopener\">rozporz\u0105dzeniu stanowiskowym<\/a> dodatkiem funkcyjnym &#8211; wchodzi w t\u0119 kategori\u0119?). Dodatki zadaniowe przyznawane s\u0105 znacznie cz\u0119\u015bciej &#8222;grubszym rybom&#8221; (od stanowisk samodzielnych w g\u00f3r\u0119), a stosunkowo rzadko &#8222;p\u0142otkom&#8221; na stanowiskach specjalistycznych lub wspomagaj\u0105cych. To mo\u017ce by\u0107 jednym z powod\u00f3w, dla kt\u00f3rych przeci\u0119tne wynagrodzenie ca\u0142kowite na ni\u017cszych szczeblach urz\u0119dniczych kszta\u0142tuje si\u0119 na poziomie ni\u017cszym ni\u017c 40% przeci\u0119tnych wynagrodze\u0144 dyrektorskich. Klasyczny <a href=\"https:\/\/pl.wikipedia.org\/wiki\/Efekt_%C5%9Bw._Mateusza\">&#8222;efekt \u015bwi\u0119tego Mateusza&#8221;<\/a>:<\/p>\n\n\n\n<blockquote class=\"wp-block-quote is-layout-flow wp-block-quote-is-layout-flow\">\n<p>Ka\u017cdemu bowiem, kto ma, b\u0119dzie dodane, tak \u017ce nadmiar mie\u0107 b\u0119dzie. Temu za\u015b, kto nie ma, zabior\u0105 nawet to, co ma.<\/p>\n<\/blockquote>\n\n\n\n<figure class=\"wp-block-image size-large\"><img loading=\"lazy\" loading=\"lazy\" decoding=\"async\" width=\"1024\" height=\"408\" src=\"https:\/\/sprawnepanstwo.pl\/wp-content\/uploads\/2026\/08\/image-15-1024x408.png\" alt=\"\" class=\"wp-image-6648\"\/><\/figure>\n\n\n\n<pre class=\"wp-block-preformatted\">1 - Wy\u017csze stanowiska 2 - Stanowiska koordynuj\u0105ce 3 - Stanowiska samodzielne; 4 - Stanowiska specjalistyczne<\/pre>\n\n\n\n<h2 class=\"wp-block-heading\">Fluktuacja kadr<\/h2>\n\n\n\n<p>W jaki spos\u00f3b poziom wynagrodze\u0144 wp\u0142ywa na wska\u017anik odej\u015b\u0107 z poszczeg\u00f3lnych resort\u00f3w? W ca\u0142ej grupie 20 ministerstw (w tym KPRM) wska\u017anik fluktuacji zatrudnienia w 2025 roku wyni\u00f3s\u0142 8,6%, a wi\u0119c, je\u015bli wierzy\u0107 portalom HR-owym, wynik ca\u0142kiem przyzwoity. Jak zawsze jednak, diabe\u0142 tkwi w szczeg\u00f3\u0142ach&#8230;<\/p>\n\n\n\n<figure class=\"wp-block-image size-large\"><img loading=\"lazy\" loading=\"lazy\" decoding=\"async\" width=\"1024\" height=\"482\" src=\"https:\/\/sprawnepanstwo.pl\/wp-content\/uploads\/2026\/08\/image-10-1024x482.png\" alt=\"\" class=\"wp-image-6642\"\/><\/figure>\n\n\n\n<p>O ile z pewno\u015bci\u0105 okres <a href=\"https:\/\/www.gov.pl\/web\/energia\/rok-ministerstwa-energii-rok-decyzji-ktore-wzmacniaja-bezpieczenstwo-energetyczne-polski\" target=\"_blank\" rel=\"noreferrer noopener\">powo\u0142ywania i organizowania Ministerstwa Energii<\/a> stanowi podstaw\u0119 do bardzo ostro\u017cnego podchodzenia do 25-procentowego wska\u017anika odej\u015b\u0107 w tym resorcie, a cykliczne rotacje kadrowe na plac\u00f3wkach zagranicznych mog\u0105 t\u0142umaczy\u0107 15-procentowy wska\u017anik w MSZ, o tyle wysokie odsetki pracownik\u00f3w odchodz\u0105cych (w tym tak\u017ce do innych resort\u00f3w!) z Ministerstwa Rozwoju i Technologii, Ministerstwa Sportu i Turystyki oraz resort\u00f3w zdrowia i sprawiedliwo\u015bci powinny uruchamia\u0107 sygna\u0142y alarmowe w g\u0142owach tamtejszych dyrektor\u00f3w generalnych.<\/p>\n\n\n\n<p>Czy poziom przeci\u0119tnego poziomu wynagrodze\u0144 mia\u0142 najwi\u0119kszy wp\u0142yw na decyzje o zmianie pracodawcy? Po wy\u0142\u0105czeniu wspomnianych ju\u017c &#8222;warto\u015bci odstaj\u0105cych&#8221; (ME i MSZ), taka zale\u017cno\u015b\u0107 da si\u0119 faktycznie zauwa\u017cy\u0107, ale prawdopodobnie nie by\u0142a ona jedynym, a by\u0107 mo\u017ce nawet g\u0142\u00f3wnym powodem zmiany pracy. Wida\u0107 natomiast, \u017ce p\u0142ac\u0105ce najmniej w tej stawce Ministerstwo Sprawiedliwo\u015bci faktycznie mierzy si\u0119 z du\u017cym odp\u0142ywem pracownik\u00f3w.<\/p>\n\n\n\n<figure class=\"wp-block-image size-large\"><img loading=\"lazy\" loading=\"lazy\" decoding=\"async\" width=\"1024\" height=\"561\" src=\"https:\/\/sprawnepanstwo.pl\/wp-content\/uploads\/2026\/08\/image-18-1024x561.png\" alt=\"\" class=\"wp-image-6656\"\/><\/figure>\n\n\n\n<p>Jak w przypadku \u015brednich wynagrodze\u0144, tak i kwesti\u0119 odp\u0142yw\u00f3w kadrowych z ministerstw znacznie lepiej pokazuje rozbicie wi\u0119kszej populacji na okre\u015blone grupy stanowisk. Dla wi\u0119kszej klarowno\u015bci analizy wy\u0142\u0105czy\u0142em z niej:<\/p>\n\n\n\n<ul class=\"wp-block-list\">\n<li>&#8211; stanowiska na \u015brednim szczeblu zarz\u0105dzania (z racji tego, \u017ce s\u0105 bardzo nieliczne);<\/li>\n\n\n\n<li>&#8211; stanowiska wspomagaj\u0105ce (s\u0105 one cz\u0119sto pomocnicze wzgl\u0119dem tych bardziej merytorycznych, st\u0105d uwzgl\u0119dnianie ich mog\u0142oby zniekszta\u0142ci\u0107 obraz);<\/li>\n\n\n\n<li>&#8211; stanowiska specjalistyczne w MSZ (w 2025 roku takich stanowisk by\u0142o 14 i na dos\u0142ownie wszystkich dokona\u0142a si\u0119 zmiana, wi\u0119c automatycznie wykazanie &#8222;100%&#8221; w tym miejscu zmniejsza\u0142o czytelno\u015b\u0107 wszystkich pozosta\u0142ych wykres\u00f3w).<\/li>\n<\/ul>\n\n\n\n<figure class=\"wp-block-image size-large\"><img loading=\"lazy\" loading=\"lazy\" decoding=\"async\" width=\"1024\" height=\"429\" src=\"https:\/\/sprawnepanstwo.pl\/wp-content\/uploads\/2026\/08\/image-13-1024x429.png\" alt=\"\" class=\"wp-image-6645\"\/><\/figure>\n\n\n\n<figure class=\"wp-block-image size-large\"><img loading=\"lazy\" loading=\"lazy\" decoding=\"async\" width=\"1024\" height=\"350\" src=\"https:\/\/sprawnepanstwo.pl\/wp-content\/uploads\/2026\/08\/image-14-1024x350.png\" alt=\"\" class=\"wp-image-6646\"\/><\/figure>\n\n\n\n<pre class=\"wp-block-preformatted\">1 - Wy\u017csze stanowiska 2 - Stanowiska koordynuj\u0105ce 3 - Stanowiska samodzielne 4 - Stanowiska specjalistyczne<\/pre>\n\n\n\n<p>Powy\u017csze wykresy pokazuj\u0105 dobitnie, jak bardzo dewastuj\u0105cy efekt ma &#8222;powo\u0142aniowy&#8221; system obsadzania wy\u017cszych stanowisk w s\u0142u\u017cbie cywilnej. Trudniej jest wygoni\u0107 much\u0119 z pokoju, ni\u017c zwolni\u0107 dyrektora departamentu. Z resortu zdrowia odesz\u0142o 18 na 43 dyrektor\u00f3w (ciekawe ilu &#8222;neutralnych politycznie&#8221; dyrektor\u00f3w odwo\u0142ano bezpo\u015brednio po odwo\u0142aniu Izabeli Leszczyny z funkcji ministra&#8230;). Z Ministerstwa Energii &#8211; 12 na 31 (ale pami\u0119tajmy, \u017ce w 2025 roku by\u0142 to urz\u0105d w fazie rozruchowej, wi\u0119c by\u0107 mo\u017ce st\u0105d ta niestabilno\u015b\u0107). Z Ministerstwa Rozwoju odesz\u0142o a\u017c 27 dyrektor\u00f3w (na 72 og\u00f3\u0142em), a to przecie\u017c resort odpowiadaj\u0105cy m.in. za stabilno\u015b\u0107 i przewidywalno\u015b\u0107 prawa gospodarczego!<\/p>\n\n\n<div class=\"wp-block-image\">\n<figure class=\"alignright size-large is-resized\"><img loading=\"lazy\" loading=\"lazy\" decoding=\"async\" width=\"682\" height=\"1024\" src=\"https:\/\/sprawnepanstwo.pl\/wp-content\/uploads\/2026\/08\/image-19-682x1024.png\" alt=\"\" class=\"wp-image-6659\" style=\"width:191px;height:auto\"\/><\/figure><\/div>\n\n\n<p>Czy mamy prawo oczekiwa\u0107, \u017ce nasze ministerstwa b\u0119d\u0105 s\u0142u\u017cy\u0107 profesjonaln\u0105 rad\u0105 kolejnym ministrom, je\u015bli karuzela na tak wa\u017cnych stanowiskach kr\u0119ci si\u0119 niekiedy w szale\u0144czym tempie? Czy nowy dyrektor Departamentu X w Ministerstwie Y z miejsca odnajdzie si\u0119 w g\u0105szczu przepis\u00f3w i wsp\u00f3\u0142zale\u017cno\u015bci? Czy ktokolwiek dopilnowa\u0142, aby jego poprzednik zostawi\u0142 mu w szufladzie gruby notes z przydatnymi informacjami i kontaktami? To pytania retoryczne. Op\u0142akane konsekwencje takiego stanu rzeczy, tych &#8222;drzwi obrotowych&#8221; na wysokich stanowiskach pa\u0144stwowych, odczuwamy my wszyscy, nie wiedz\u0105c tylko, \u017ce wina za ten lub inny bubel prawny, za ten lub innym przejaw bylejako\u015bci i krucho\u015bci naszego pa\u0144stwa, spoczywa nie tylko na tym nieszcz\u0119snym ministrze, ale na znacznie pot\u0119\u017cniejszym antybohaterze zbiorowym.<\/p>\n\n\n\n<h2 class=\"wp-block-heading\">Mianowanie w s\u0142u\u017cbie cywilnej<\/h2>\n\n\n\n<p>Na koniec jeszcze ten aspekt funkcjonowania polskiej s\u0142u\u017cby cywilnej, kt\u00f3ry mia\u0142 by\u0107 podobno jednym z g\u0142\u00f3wnych wyznacznik\u00f3w jej profesjonalizmu i zawodowego charakteru. Chodzi o instytucj\u0119 mianowania, a wi\u0119c kompleksowej weryfikacji wiedzy i umiej\u0119tno\u015bci rz\u0105dowych urz\u0119dnik\u00f3w. U zarania s\u0142u\u017cby cywilnej zak\u0142adano, \u017ce b\u0119dzie to znaczna cz\u0119\u015b\u0107 wszystkich cz\u0142onk\u00f3w korpusu, ale (z r\u00f3\u017cnych powod\u00f3w) praktyka doprowadzi\u0142a nas do sytuacji, w kt\u00f3rej w 2025 roku na 123.201 cz\u0142onk\u00f3w korpusu og\u00f3\u0142em tylko 7.988 to mianowani urz\u0119dnicy s\u0142u\u017cby cywilnej (ok. 6%).<\/p>\n\n\n\n<p>Nie powinno by\u0107 zdziwieniem, \u017ce w ministerstwach odsetek urz\u0119dnik\u00f3w mianowanych w gronie cz\u0142onk\u00f3w korpusu s\u0142u\u017cby cywilnej jest wy\u017cszy ni\u017c og\u00f3lnopolska \u015brednia (jednym z powod\u00f3w by\u0142o zapewne te\u017c to, \u017ce dopiero od zesz\u0142ego roku <a href=\"https:\/\/www.gov.pl\/web\/sluzbacywilna\/informacja-o-sprawdzianie-w-toku-postepowania-kwalifikacyjnego-w-sluzbie-cywilnej-w-2025-r\" target=\"_blank\" rel=\"noreferrer noopener\">post\u0119powanie kwalifikacyjne organizowane jest nie tylko w stolicy<\/a>). Nie znajduj\u0119 jednak racjonalnego wyt\u0142umaczenia dla tak istotnych r\u00f3\u017cnic w obr\u0119bie samych ministerstw. Czy dyrektorzy generalni realizuj\u0105 jakiekolwiek dzia\u0142ania motywuj\u0105ce do ubiegania si\u0119 o ten wy\u017cszy status w korpusie?<\/p>\n\n\n\n<figure class=\"wp-block-image size-large\"><img loading=\"lazy\" loading=\"lazy\" decoding=\"async\" width=\"1024\" height=\"439\" src=\"https:\/\/sprawnepanstwo.pl\/wp-content\/uploads\/2026\/08\/image-16-1024x439.png\" alt=\"\" class=\"wp-image-6651\"\/><\/figure>\n\n\n\n<p>A mo\u017ce sama idea si\u0119 nie sprawdza? Osobi\u015bcie si\u0119 z tym nie zgadzam (tak, jako absolwent KSAP sam by\u0142em przez wiele lat urz\u0119dnikiem mianowanym), ale liczne s\u0105 g\u0142osy, \u017ce to pewnego rodzaju &#8222;dyskryminacja&#8221;. Ostatnio &#8211; w swoich uwagach do projektu ustawy o zmianie ustawy o s\u0142u\u017cbie cywilnej &#8211; do tego grona do\u0142\u0105czy\u0142 minister finans\u00f3w (a mo\u017ce to tylko pogl\u0105d Hanny Majszczyk, kt\u00f3ra te uwagi podpisa\u0142a?).<\/p>\n\n\n\n<blockquote class=\"wp-block-quote is-layout-flow wp-block-quote-is-layout-flow\">\n<p>30-letnie do\u015bwiadczenie ukszta\u0142towa\u0142o praktyk\u0119, w ramach kt\u00f3rej tworzy si\u0119 kilkutysi\u0119czny uprzywilejowany korpus urz\u0119dnik\u00f3w korzystaj\u0105cy z powa\u017cnych przywilej\u00f3w takich jak dodatkowe wynagrodzenie, dodatkowy urlop, trwa\u0142o\u015b\u0107 stosunku pracy. Natomiast nie stawia si\u0119 wymaga\u0144 odpowiadaj\u0105cych tym przywilejom. <\/p>\n\n\n\n<p>Efektem tych dzia\u0142a\u0144 jest stworzenie systemu, kt\u00f3ry sankcjonuje nier\u00f3wne traktowanie os\u00f3b zatrudnionych w s\u0142u\u017cbie cywilnej. Pracownicy i urz\u0119dnicy wykonuj\u0105cy te same zadania s\u0105 r\u00f3\u017cnie wynagradzani i korzystaj\u0105 z r\u00f3\u017cnych uprawnie\u0144 pracowniczych. Pracownicy na r\u00f3wni z urz\u0119dnikami podlegaj\u0105 tym samym zasadom s\u0142u\u017cby cywilnej i zasadom etyki s\u0142u\u017cby cywilnej, w tym zasadzie neutralno\u015bci politycznej. Jednakowe s\u0105 wymagania stawiane wobec pracownik\u00f3w i urz\u0119dnik\u00f3w do wykonania zleconych zada\u0144. Pracownicy i urz\u0119dnicy s\u0105 oceniani wed\u0142ug tych samych kryteri\u00f3w, z zastrze\u017ceniem, \u017ce pozytywna ocena urz\u0119dnika gwarantuje awans finansowy i zwi\u0119kszenie wymiaru urlopu wypoczynkowego, pozytywna ocena pracownika nie gwarantuje \u017cadnych korzy\u015bci pracowniczych. Prowadzi to do wniosku, \u017ce przywileje urz\u0119dnicze s\u0105 kosztown\u0105 premi\u0105 za zdany egzamin na urz\u0119dnika.<\/p>\n<\/blockquote>\n\n\n\n<p>A mo\u017ce winna jest po raz kolejny jako\u015b\u0107 zarz\u0105dzania w polskiej administracji rz\u0105dowej? Administracji, w kt\u00f3rej od pracownik\u00f3w, kt\u00f3rym si\u0119 chcia\u0142o, kt\u00f3rzy zaryzykowali w\u0142asnymi pieni\u0119dzmi, czasem i nerwami, aby najpierw zdoby\u0107, a nast\u0119pnie udowodni\u0107 swoj\u0105 wiedz\u0119 i kompetencje, nie wymaga si\u0119 niczego wi\u0119cej, ni\u017c od tych, kt\u00f3rzy takiego wysi\u0142ku i ryzyka nie podj\u0119li. Mo\u017ce \u0142atwiej jest kierowa\u0107 pretensje do tych, kt\u00f3rzy co\u015b udowodnili, ni\u017c do tych, kt\u00f3rzy cz\u0119sto nie dorastaj\u0105 do zajmowanych dyrektorskich (menad\u017cerskich) stanowisk? Nie jest to \u0142atwy do rozwi\u0105zania problem, ale chc\u0105c na powa\u017cnie zaj\u0105\u0107 si\u0119 reform\u0105 s\u0142u\u017cby cywilnej, po prostu trzeba si\u0119 z nim zmierzy\u0107.<\/p>\n\n\n\n<figure class=\"wp-block-embed is-type-video is-provider-youtube wp-block-embed-youtube wp-embed-aspect-16-9 wp-has-aspect-ratio\"><div class=\"wp-block-embed__wrapper\">\n<iframe loading=\"lazy\" title=\"Dlaczego w s\u0142u\u017cbie cywilnej potrzebni s\u0105 urz\u0119dnicy mianowani? Debata\" width=\"1170\" height=\"658\" src=\"https:\/\/www.youtube.com\/embed\/7O4gb_zwamU?feature=oembed\" frameborder=\"0\" allow=\"accelerometer; autoplay; clipboard-write; encrypted-media; gyroscope; picture-in-picture; web-share\" referrerpolicy=\"strict-origin-when-cross-origin\" allowfullscreen><\/iframe>\n<\/div><\/figure>\n\n\n\n<h2 class=\"wp-block-heading\">Co dalej?<\/h2>\n\n\n\n<p>Jak co roku, zapraszam na kolejne odcinki analizy stanu polskiej s\u0142u\u017cby cywilnej &#8211; w najbli\u017cszych tygodniach opisz\u0119 sytuacj\u0119 w urz\u0119dach centralnych i w urz\u0119dach wojew\u00f3dzkich. Zach\u0119cam r\u00f3wnie\u017c do samodzielnej analizy plik\u00f3w \u017ar\u00f3d\u0142owych z KPRM. Je\u017celi komu\u015b uda si\u0119 &#8222;wy\u0142owi\u0107&#8221; z nich co\u015b wi\u0119cej, b\u0119d\u0119 bardzo szcz\u0119\u015bliwy.<\/p>\n\n\n\n<div class=\"wp-block-buttons is-layout-flex wp-block-buttons-is-layout-flex\">\n<div class=\"wp-block-button\"><a class=\"wp-block-button__link wp-element-button\" href=\"https:\/\/docs.google.com\/spreadsheets\/d\/1mC-bj9TrLTm3VYDtA1-iAFs87-lf5raq\/edit?usp=sharing&amp;ouid=109539967683924713560&amp;rtpof=true&amp;sd=true\" target=\"_blank\" rel=\"noreferrer noopener\">Dane 2023<\/a><\/div>\n\n\n\n<div class=\"wp-block-button\"><a class=\"wp-block-button__link wp-element-button\">Dane 2024<\/a><\/div>\n\n\n\n<div class=\"wp-block-button\"><a class=\"wp-block-button__link wp-element-button\" href=\"https:\/\/docs.google.com\/spreadsheets\/d\/1bzeJiJQk6CP0eNBI0vG_9XaUopuUo8Rz\/edit?usp=sharing&amp;ouid=109539967683924713560&amp;rtpof=true&amp;sd=true\" target=\"_blank\" rel=\"noreferrer noopener\">Dane 2025<\/a><\/div>\n<\/div>\n\n\n\n<div class=\"wp-block-columns is-layout-flex wp-container-core-columns-is-layout-1 wp-block-columns-is-layout-flex\">\n<div class=\"wp-block-column is-layout-flow wp-block-column-is-layout-flow\">\n<figure class=\"wp-block-embed is-type-wp-embed is-provider-sprawne-pa-stwo wp-block-embed-sprawne-pa-stwo\"><div class=\"wp-block-embed__wrapper\">\n<blockquote class=\"wp-embedded-content\" data-secret=\"GSAvlmsG97\"><a href=\"https:\/\/sprawnepanstwo.pl\/index.php\/2025\/11\/23\/sluzba-cywilna-w-kprm-i-w-ministerstwach-w-2024-roku-analiza-zbiorcza-cz-1\/\">S\u0142u\u017cba cywilna w KPRM i w ministerstwach w 2024 roku [ANALIZA ZBIORCZA &#8211; CZ. 1.]<\/a><\/blockquote><iframe loading=\"lazy\" class=\"wp-embedded-content\" sandbox=\"allow-scripts\" security=\"restricted\" style=\"position: absolute; visibility: hidden;\" title=\"&#8222;S\u0142u\u017cba cywilna w KPRM i w ministerstwach w 2024 roku [ANALIZA ZBIORCZA &#8211; CZ. 1.]&#8221; &#8212; Sprawne Pa\u0144stwo\" src=\"https:\/\/sprawnepanstwo.pl\/index.php\/2025\/11\/23\/sluzba-cywilna-w-kprm-i-w-ministerstwach-w-2024-roku-analiza-zbiorcza-cz-1\/embed\/#?secret=WGlzG77uGA#?secret=GSAvlmsG97\" data-secret=\"GSAvlmsG97\" width=\"600\" height=\"338\" frameborder=\"0\" marginwidth=\"0\" marginheight=\"0\" scrolling=\"no\"><\/iframe>\n<\/div><\/figure>\n<\/div>\n\n\n\n<div class=\"wp-block-column is-layout-flow wp-block-column-is-layout-flow\">\n<figure class=\"wp-block-embed is-type-wp-embed is-provider-sprawne-pa-stwo wp-block-embed-sprawne-pa-stwo\"><div class=\"wp-block-embed__wrapper\">\n<blockquote class=\"wp-embedded-content\" data-secret=\"XQak7bC5Ak\"><a href=\"https:\/\/sprawnepanstwo.pl\/index.php\/2024\/07\/18\/stan-polskiej-sluzby-cywilnej-ministerstwa-i-kprm-cz-1\/\">Stan polskiej s\u0142u\u017cby cywilnej \u2013 ministerstwa i KPRM (cz. 1)<\/a><\/blockquote><iframe loading=\"lazy\" class=\"wp-embedded-content\" sandbox=\"allow-scripts\" security=\"restricted\" style=\"position: absolute; visibility: hidden;\" title=\"&#8222;Stan polskiej s\u0142u\u017cby cywilnej \u2013 ministerstwa i KPRM (cz. 1)&#8221; &#8212; Sprawne Pa\u0144stwo\" src=\"https:\/\/sprawnepanstwo.pl\/index.php\/2024\/07\/18\/stan-polskiej-sluzby-cywilnej-ministerstwa-i-kprm-cz-1\/embed\/#?secret=H6YPUFexdq#?secret=XQak7bC5Ak\" data-secret=\"XQak7bC5Ak\" width=\"600\" height=\"338\" frameborder=\"0\" marginwidth=\"0\" marginheight=\"0\" scrolling=\"no\"><\/iframe>\n<\/div><\/figure>\n<\/div>\n<\/div>\n\n\n\n<p><\/p>\n","protected":false},"excerpt":{"rendered":"<p>Jak co roku wyst\u0105pi\u0142em do Kancelarii Premiera o dane przekazywane Departamentowi S\u0142u\u017cby Cywilnej do sprawozdania o stanie s\u0142u\u017cby cywilnej. W tym roku na odpowied\u017a nie musia\u0142em czeka\u0107 zbyt d\u0142ugo, ale [&hellip;]<\/p>\n","protected":false},"author":1,"featured_media":4782,"comment_status":"closed","ping_status":"closed","sticky":false,"template":"","format":"standard","meta":{"footnotes":""},"categories":[46,104],"tags":[101,137,55,105,103,71,45,44,51,50,49,39],"class_list":["post-6631","post","type-post","status-publish","format-standard","has-post-thumbnail","category-aktualnosci","category-analizy","tag-fluktuacja","tag-informacja-publiczna","tag-instytucje-publiczne","tag-kprm","tag-mianowania","tag-ministerstwa","tag-silosowosc","tag-sluzba-cywilna","tag-szef-sluzby-cywilnej","tag-urzednicy","tag-wynagrodzenia","tag-zarzadzanie-panstwem"],"_links":{"self":[{"href":"https:\/\/sprawnepanstwo.pl\/index.php\/wp-json\/wp\/v2\/posts\/6631","targetHints":{"allow":["GET"]}}],"collection":[{"href":"https:\/\/sprawnepanstwo.pl\/index.php\/wp-json\/wp\/v2\/posts"}],"about":[{"href":"https:\/\/sprawnepanstwo.pl\/index.php\/wp-json\/wp\/v2\/types\/post"}],"author":[{"embeddable":true,"href":"https:\/\/sprawnepanstwo.pl\/index.php\/wp-json\/wp\/v2\/users\/1"}],"replies":[{"embeddable":true,"href":"https:\/\/sprawnepanstwo.pl\/index.php\/wp-json\/wp\/v2\/comments?post=6631"}],"version-history":[{"count":13,"href":"https:\/\/sprawnepanstwo.pl\/index.php\/wp-json\/wp\/v2\/posts\/6631\/revisions"}],"predecessor-version":[{"id":6664,"href":"https:\/\/sprawnepanstwo.pl\/index.php\/wp-json\/wp\/v2\/posts\/6631\/revisions\/6664"}],"wp:featuredmedia":[{"embeddable":true,"href":"https:\/\/sprawnepanstwo.pl\/index.php\/wp-json\/wp\/v2\/media\/4782"}],"wp:attachment":[{"href":"https:\/\/sprawnepanstwo.pl\/index.php\/wp-json\/wp\/v2\/media?parent=6631"}],"wp:term":[{"taxonomy":"category","embeddable":true,"href":"https:\/\/sprawnepanstwo.pl\/index.php\/wp-json\/wp\/v2\/categories?post=6631"},{"taxonomy":"post_tag","embeddable":true,"href":"https:\/\/sprawnepanstwo.pl\/index.php\/wp-json\/wp\/v2\/tags?post=6631"}],"curies":[{"name":"wp","href":"https:\/\/api.w.org\/{rel}","templated":true}]}}